{"id":8983,"date":"2025-12-19T04:10:42","date_gmt":"2025-12-19T04:10:42","guid":{"rendered":"https:\/\/www.ismm.edu.cu\/?p=8983"},"modified":"2025-12-19T04:10:43","modified_gmt":"2025-12-19T04:10:43","slug":"medio-siglo-de-la-universidad-de-moa-un-encuentro-inolvidable","status":"publish","type":"post","link":"https:\/\/www.ismm.edu.cu\/index.php\/2025\/12\/19\/medio-siglo-de-la-universidad-de-moa-un-encuentro-inolvidable\/","title":{"rendered":"Medio Siglo de la Universidad de Moa: Un Encuentro Inolvidable"},"content":{"rendered":"\n<p><a><\/a>La <a href=\"https:\/\/www.facebook.com\/UniversidadMoa?__cft__[0]=AZaWjUVM8bhFPVsPBuCImrbu6lvXpu0yH5_fUKaEbwyT4XMvp79NAKuLA8TvhuYncX9AzkwdAM8yDV6kcmJm7M0atSz-QXb3AXGEeSVBHzo0YfNqFaOnlweOsaTS4qG1jagRJTtvTYVIBVnqQ6WKdFpz&amp;__tn__=-]K-R\">Universidad de Moa Dr. Antonio N\u00fa\u00f1ez Jim\u00e9nez<\/a> celebra con orgullo su 49\u00ba aniversario, un hito hist\u00f3rico que nos llena de emoci\u00f3n y de recuerdos. En el marco de esta celebraci\u00f3n, se lleva a cabo un encuentro especial de egresados de la carrera de Metalurgia y Materiales, quienes, despu\u00e9s de 30 a\u00f1os, regresan a la casa que los vio formarse. Aunque ya no son los mismos j\u00f3venes de antes, mantienen intacto el esp\u00edritu de aquellos primeros d\u00edas: lleno de esperanza, pasi\u00f3n y el compromiso que caracteriza a todos quienes pasan por esta instituci\u00f3n.<\/p>\n\n\n\n<p>Este reencuentro no es solo una ocasi\u00f3n para recordar, sino para rendir homenaje a los que ya no est\u00e1n, pero cuyos recuerdos y huellas permanecen vivos en las aulas de nuestra universidad. M\u00e1s de 13,500 graduados han salido de estas puertas, cada uno dejando su marca y contribuyendo al legado de nuestra alma mater.<\/p>\n\n\n\n<p>Generaciones de egresados regresan, no solo para revivir sus historias, sino tambi\u00e9n para compartir el amor y la amistad que perduran con el paso del tiempo. Ellos son un ejemplo vivo de los valores que la Universidad de Moa ha transmitido a lo largo de los a\u00f1os, un testimonio de que el paso del tiempo no borra lo que se ha construido con dedicaci\u00f3n y amor.<\/p>\n\n\n\n<p>Agradecemos profundamente a todos por acompa\u00f1arnos y ser parte de este significativo rostro del 50\u00ba aniversario de la Universidad de Moa. Este encuentro es un tributo a todos ustedes, que siguen haciendo historia con cada paso que dan.<\/p>\n\n\n\n<figure class=\"wp-block-gallery has-nested-images columns-default is-cropped wp-block-gallery-1 is-layout-flex wp-block-gallery-is-layout-flex\">\n<figure class=\"wp-block-image size-large\"><img loading=\"lazy\" decoding=\"async\" width=\"1024\" height=\"449\" data-id=\"8984\" src=\"https:\/\/www.ismm.edu.cu\/wp-content\/uploads\/2025\/12\/56uy5hg-1024x449.jpg\" alt=\"\" class=\"wp-image-8984\" srcset=\"https:\/\/www.ismm.edu.cu\/wp-content\/uploads\/2025\/12\/56uy5hg-1024x449.jpg 1024w, https:\/\/www.ismm.edu.cu\/wp-content\/uploads\/2025\/12\/56uy5hg-980x430.jpg 980w, https:\/\/www.ismm.edu.cu\/wp-content\/uploads\/2025\/12\/56uy5hg-480x210.jpg 480w\" sizes=\"(min-width: 0px) and (max-width: 480px) 480px, (min-width: 481px) and (max-width: 980px) 980px, (min-width: 981px) 1024px, 100vw\" \/><\/figure>\n\n\n\n<figure class=\"wp-block-image size-large\"><img loading=\"lazy\" decoding=\"async\" width=\"1024\" height=\"1024\" data-id=\"8985\" src=\"https:\/\/www.ismm.edu.cu\/wp-content\/uploads\/2025\/12\/3434-1024x1024.jpg\" alt=\"\" class=\"wp-image-8985\" srcset=\"https:\/\/www.ismm.edu.cu\/wp-content\/uploads\/2025\/12\/3434-1024x1024.jpg 1024w, https:\/\/www.ismm.edu.cu\/wp-content\/uploads\/2025\/12\/3434-980x980.jpg 980w, https:\/\/www.ismm.edu.cu\/wp-content\/uploads\/2025\/12\/3434-480x480.jpg 480w\" sizes=\"(min-width: 0px) and (max-width: 480px) 480px, (min-width: 481px) and (max-width: 980px) 980px, (min-width: 981px) 1024px, 100vw\" \/><\/figure>\n\n\n\n<figure class=\"wp-block-image size-large\"><img loading=\"lazy\" decoding=\"async\" width=\"1024\" height=\"768\" data-id=\"8986\" src=\"https:\/\/www.ismm.edu.cu\/wp-content\/uploads\/2025\/12\/4678-1024x768.jpg\" alt=\"\" class=\"wp-image-8986\" srcset=\"https:\/\/www.ismm.edu.cu\/wp-content\/uploads\/2025\/12\/4678-1024x768.jpg 1024w, https:\/\/www.ismm.edu.cu\/wp-content\/uploads\/2025\/12\/4678-980x735.jpg 980w, https:\/\/www.ismm.edu.cu\/wp-content\/uploads\/2025\/12\/4678-480x360.jpg 480w\" sizes=\"(min-width: 0px) and (max-width: 480px) 480px, (min-width: 481px) and (max-width: 980px) 980px, (min-width: 981px) 1024px, 100vw\" \/><\/figure>\n\n\n\n<figure class=\"wp-block-image size-large\"><img loading=\"lazy\" decoding=\"async\" width=\"1024\" height=\"1024\" data-id=\"8989\" src=\"https:\/\/www.ismm.edu.cu\/wp-content\/uploads\/2025\/12\/34523-1024x1024.jpg\" alt=\"\" class=\"wp-image-8989\" srcset=\"https:\/\/www.ismm.edu.cu\/wp-content\/uploads\/2025\/12\/34523-1024x1024.jpg 1024w, https:\/\/www.ismm.edu.cu\/wp-content\/uploads\/2025\/12\/34523-980x980.jpg 980w, https:\/\/www.ismm.edu.cu\/wp-content\/uploads\/2025\/12\/34523-480x480.jpg 480w\" sizes=\"(min-width: 0px) and (max-width: 480px) 480px, (min-width: 481px) and (max-width: 980px) 980px, (min-width: 981px) 1024px, 100vw\" \/><\/figure>\n\n\n\n<figure class=\"wp-block-image size-large\"><img loading=\"lazy\" decoding=\"async\" width=\"1024\" height=\"768\" data-id=\"8988\" src=\"https:\/\/www.ismm.edu.cu\/wp-content\/uploads\/2025\/12\/234231-1024x768.jpg\" alt=\"\" class=\"wp-image-8988\" srcset=\"https:\/\/www.ismm.edu.cu\/wp-content\/uploads\/2025\/12\/234231-1024x768.jpg 1024w, https:\/\/www.ismm.edu.cu\/wp-content\/uploads\/2025\/12\/234231-980x735.jpg 980w, https:\/\/www.ismm.edu.cu\/wp-content\/uploads\/2025\/12\/234231-480x360.jpg 480w\" sizes=\"(min-width: 0px) and (max-width: 480px) 480px, (min-width: 481px) and (max-width: 980px) 980px, (min-width: 981px) 1024px, 100vw\" \/><\/figure>\n\n\n\n<figure class=\"wp-block-image size-large\"><img loading=\"lazy\" decoding=\"async\" width=\"1024\" height=\"1024\" data-id=\"8987\" src=\"https:\/\/www.ismm.edu.cu\/wp-content\/uploads\/2025\/12\/ertwt-1024x1024.jpg\" alt=\"\" class=\"wp-image-8987\" srcset=\"https:\/\/www.ismm.edu.cu\/wp-content\/uploads\/2025\/12\/ertwt-1024x1024.jpg 1024w, https:\/\/www.ismm.edu.cu\/wp-content\/uploads\/2025\/12\/ertwt-980x980.jpg 980w, https:\/\/www.ismm.edu.cu\/wp-content\/uploads\/2025\/12\/ertwt-480x480.jpg 480w\" sizes=\"(min-width: 0px) and (max-width: 480px) 480px, (min-width: 481px) and (max-width: 980px) 980px, (min-width: 981px) 1024px, 100vw\" \/><\/figure>\n\n\n\n<figure class=\"wp-block-image size-large\"><img loading=\"lazy\" decoding=\"async\" width=\"1020\" height=\"765\" data-id=\"8990\" src=\"https:\/\/www.ismm.edu.cu\/wp-content\/uploads\/2025\/12\/re23t.jpg\" alt=\"\" class=\"wp-image-8990\" srcset=\"https:\/\/www.ismm.edu.cu\/wp-content\/uploads\/2025\/12\/re23t.jpg 1020w, https:\/\/www.ismm.edu.cu\/wp-content\/uploads\/2025\/12\/re23t-980x735.jpg 980w, https:\/\/www.ismm.edu.cu\/wp-content\/uploads\/2025\/12\/re23t-480x360.jpg 480w\" sizes=\"(min-width: 0px) and (max-width: 480px) 480px, (min-width: 481px) and (max-width: 980px) 980px, (min-width: 981px) 1020px, 100vw\" \/><\/figure>\n\n\n\n<figure class=\"wp-block-image size-large\"><img loading=\"lazy\" decoding=\"async\" width=\"1024\" height=\"768\" data-id=\"8991\" src=\"https:\/\/www.ismm.edu.cu\/wp-content\/uploads\/2025\/12\/tfewr-1024x768.jpg\" alt=\"\" class=\"wp-image-8991\" srcset=\"https:\/\/www.ismm.edu.cu\/wp-content\/uploads\/2025\/12\/tfewr-1024x768.jpg 1024w, https:\/\/www.ismm.edu.cu\/wp-content\/uploads\/2025\/12\/tfewr-980x735.jpg 980w, https:\/\/www.ismm.edu.cu\/wp-content\/uploads\/2025\/12\/tfewr-480x360.jpg 480w\" sizes=\"(min-width: 0px) and (max-width: 480px) 480px, (min-width: 481px) and (max-width: 980px) 980px, (min-width: 981px) 1024px, 100vw\" \/><\/figure>\n<\/figure>\n","protected":false},"excerpt":{"rendered":"<p>La Universidad de Moa Dr. Antonio N\u00fa\u00f1ez Jim\u00e9nez celebra con orgullo su 49\u00ba aniversario, un hito hist\u00f3rico que nos llena de emoci\u00f3n y de recuerdos. En el marco de esta celebraci\u00f3n, se lleva a cabo un encuentro especial de egresados de la carrera de Metalurgia y Materiales, quienes, despu\u00e9s de 30 a\u00f1os, regresan a la [&hellip;]<\/p>\n","protected":false},"author":11,"featured_media":8985,"comment_status":"closed","ping_status":"closed","sticky":false,"template":"","format":"standard","meta":{"_et_pb_use_builder":"off","_et_pb_old_content":"","_et_gb_content_width":"","footnotes":""},"categories":[45,52,44],"tags":[51,35,48,34],"class_list":["post-8983","post","type-post","status-publish","format-standard","has-post-thumbnail","hentry","category-ciencia-e-innovacion","category-colaboracion","category-graduacion","tag-actodegraduacion-umoaexitos-compromisos-celebracion-logrosacademicos","tag-capacitacionrecursoshumanos","tag-desarrolloprofesional","tag-universidadempresa"],"_links":{"self":[{"href":"https:\/\/www.ismm.edu.cu\/index.php\/wp-json\/wp\/v2\/posts\/8983"}],"collection":[{"href":"https:\/\/www.ismm.edu.cu\/index.php\/wp-json\/wp\/v2\/posts"}],"about":[{"href":"https:\/\/www.ismm.edu.cu\/index.php\/wp-json\/wp\/v2\/types\/post"}],"author":[{"embeddable":true,"href":"https:\/\/www.ismm.edu.cu\/index.php\/wp-json\/wp\/v2\/users\/11"}],"replies":[{"embeddable":true,"href":"https:\/\/www.ismm.edu.cu\/index.php\/wp-json\/wp\/v2\/comments?post=8983"}],"version-history":[{"count":1,"href":"https:\/\/www.ismm.edu.cu\/index.php\/wp-json\/wp\/v2\/posts\/8983\/revisions"}],"predecessor-version":[{"id":8992,"href":"https:\/\/www.ismm.edu.cu\/index.php\/wp-json\/wp\/v2\/posts\/8983\/revisions\/8992"}],"wp:featuredmedia":[{"embeddable":true,"href":"https:\/\/www.ismm.edu.cu\/index.php\/wp-json\/wp\/v2\/media\/8985"}],"wp:attachment":[{"href":"https:\/\/www.ismm.edu.cu\/index.php\/wp-json\/wp\/v2\/media?parent=8983"}],"wp:term":[{"taxonomy":"category","embeddable":true,"href":"https:\/\/www.ismm.edu.cu\/index.php\/wp-json\/wp\/v2\/categories?post=8983"},{"taxonomy":"post_tag","embeddable":true,"href":"https:\/\/www.ismm.edu.cu\/index.php\/wp-json\/wp\/v2\/tags?post=8983"}],"curies":[{"name":"wp","href":"https:\/\/api.w.org\/{rel}","templated":true}]}}