{"id":8975,"date":"2025-12-19T04:08:12","date_gmt":"2025-12-19T04:08:12","guid":{"rendered":"https:\/\/www.ismm.edu.cu\/?p=8975"},"modified":"2025-12-19T04:08:13","modified_gmt":"2025-12-19T04:08:13","slug":"exitoso-desarrollo-del-6to-encuentro-intergeneracional-de-educadores-en-la-universidad-de-moa","status":"publish","type":"post","link":"https:\/\/www.ismm.edu.cu\/index.php\/2025\/12\/19\/exitoso-desarrollo-del-6to-encuentro-intergeneracional-de-educadores-en-la-universidad-de-moa\/","title":{"rendered":"Exitoso desarrollo del 6to Encuentro Intergeneracional de Educadores en la Universidad de Moa."},"content":{"rendered":"\n<p>El pasado [fecha], la <strong>Universidad de Moa Dr. Antonio N\u00fa\u00f1ez Jim\u00e9nez<\/strong> fue sede del <strong>6to Encuentro Intergeneracional de Educadores<\/strong>, un evento significativo convocado por la <strong>C\u00e1tedra Honor\u00edfica Adela Hern\u00e1ndez<\/strong>. Este espacio, dedicado al <strong>di\u00e1logo<\/strong> y al <strong>intercambio de experiencias<\/strong>, se consolid\u00f3 como un escenario propicio para el <strong>reconocimiento a la vocaci\u00f3n pedag\u00f3gica<\/strong>, que ha sido el motor de varias generaciones de educadores comprometidos con la ense\u00f1anza y la formaci\u00f3n integral de los estudiantes.<\/p>\n\n\n\n<p>El encuentro, que reuni\u00f3 a educadores de distintas generaciones, reafirm\u00f3 el <strong>compromiso de la universidad con la formaci\u00f3n integral<\/strong> de los profesionales de la educaci\u00f3n, promoviendo el valor de la <strong>memoria hist\u00f3rica<\/strong> y la <strong>continuidad del magisterio<\/strong>. Los participantes compartieron sus vivencias, destacando la importancia de la pedagog\u00eda como herramienta esencial para el desarrollo de la sociedad. Adem\u00e1s, se discutieron los retos y avances que enfrenta el sistema educativo en el contexto actual, y c\u00f3mo la universidad puede seguir contribuyendo a la mejora del sector.<\/p>\n\n\n\n<p>Este evento cobra una relevancia especial, pues se inscribe dentro del marco de las celebraciones por el <strong>Medio Siglo de crecimiento y desarrollo de la Universidad de Moa<\/strong>, una instituci\u00f3n que, a lo largo de su historia, ha sido pilar de la educaci\u00f3n superior en la regi\u00f3n. El <strong>6to Encuentro Intergeneracional de Educadores<\/strong> no solo destac\u00f3 el rol de la universidad como formadora de futuros profesionales, sino tambi\u00e9n como un espacio de reflexi\u00f3n y de construcci\u00f3n colectiva para la mejora del sistema educativo nacional.<\/p>\n\n\n\n<p>Los asistentes tambi\u00e9n tuvieron la oportunidad de participar en paneles de discusi\u00f3n y mesas redondas, donde se abordaron temas actuales sobre la educaci\u00f3n, la innovaci\u00f3n pedag\u00f3gica, y la sostenibilidad del magisterio en tiempos de cambios r\u00e1pidos. Finalmente, se celebr\u00f3 el <strong>reconocimiento a la labor educativa<\/strong> de diversos profesionales que han dejado huella en la formaci\u00f3n de generaciones de estudiantes.<\/p>\n\n\n\n<p>Este encuentro refuerza el car\u00e1cter de la Universidad de Moa como un centro que fomenta la colaboraci\u00f3n y el aprendizaje continuo, en l\u00ednea con sus principios de <strong>calidad acad\u00e9mica<\/strong>, <strong>sostenibilidad<\/strong> e <strong>innovaci\u00f3n<\/strong>.<\/p>\n\n\n\n<figure class=\"wp-block-gallery has-nested-images columns-default is-cropped wp-block-gallery-1 is-layout-flex wp-block-gallery-is-layout-flex\">\n<figure class=\"wp-block-image size-large\"><img loading=\"lazy\" decoding=\"async\" width=\"1024\" height=\"449\" data-id=\"8978\" src=\"https:\/\/www.ismm.edu.cu\/wp-content\/uploads\/2025\/12\/598338153_10238620520068383_2581712494123820991_n-1024x449.jpg\" alt=\"\" class=\"wp-image-8978\" srcset=\"https:\/\/www.ismm.edu.cu\/wp-content\/uploads\/2025\/12\/598338153_10238620520068383_2581712494123820991_n-1024x449.jpg 1024w, https:\/\/www.ismm.edu.cu\/wp-content\/uploads\/2025\/12\/598338153_10238620520068383_2581712494123820991_n-980x430.jpg 980w, https:\/\/www.ismm.edu.cu\/wp-content\/uploads\/2025\/12\/598338153_10238620520068383_2581712494123820991_n-480x210.jpg 480w\" sizes=\"(min-width: 0px) and (max-width: 480px) 480px, (min-width: 481px) and (max-width: 980px) 980px, (min-width: 981px) 1024px, 100vw\" \/><\/figure>\n\n\n\n<figure class=\"wp-block-image size-large\"><img loading=\"lazy\" decoding=\"async\" width=\"1024\" height=\"768\" data-id=\"8977\" src=\"https:\/\/www.ismm.edu.cu\/wp-content\/uploads\/2025\/12\/599949717_10238620521708424_3005927681990641848_n-1024x768.jpg\" alt=\"\" class=\"wp-image-8977\" srcset=\"https:\/\/www.ismm.edu.cu\/wp-content\/uploads\/2025\/12\/599949717_10238620521708424_3005927681990641848_n-1024x768.jpg 1024w, https:\/\/www.ismm.edu.cu\/wp-content\/uploads\/2025\/12\/599949717_10238620521708424_3005927681990641848_n-980x735.jpg 980w, https:\/\/www.ismm.edu.cu\/wp-content\/uploads\/2025\/12\/599949717_10238620521708424_3005927681990641848_n-480x360.jpg 480w\" sizes=\"(min-width: 0px) and (max-width: 480px) 480px, (min-width: 481px) and (max-width: 980px) 980px, (min-width: 981px) 1024px, 100vw\" \/><\/figure>\n\n\n\n<figure class=\"wp-block-image size-large\"><img loading=\"lazy\" decoding=\"async\" width=\"768\" height=\"1024\" data-id=\"8976\" src=\"https:\/\/www.ismm.edu.cu\/wp-content\/uploads\/2025\/12\/599950152_10238620522908454_765762929790498177_n-768x1024.jpg\" alt=\"\" class=\"wp-image-8976\" srcset=\"https:\/\/www.ismm.edu.cu\/wp-content\/uploads\/2025\/12\/599950152_10238620522908454_765762929790498177_n-768x1024.jpg 768w, https:\/\/www.ismm.edu.cu\/wp-content\/uploads\/2025\/12\/599950152_10238620522908454_765762929790498177_n-480x640.jpg 480w\" sizes=\"(min-width: 0px) and (max-width: 480px) 480px, (min-width: 481px) 768px, 100vw\" \/><\/figure>\n\n\n\n<figure class=\"wp-block-image size-large\"><img loading=\"lazy\" decoding=\"async\" width=\"1024\" height=\"449\" data-id=\"8979\" src=\"https:\/\/www.ismm.edu.cu\/wp-content\/uploads\/2025\/12\/600263535_2260965224394885_1081040525448158444_n-1024x449.jpg\" alt=\"\" class=\"wp-image-8979\" srcset=\"https:\/\/www.ismm.edu.cu\/wp-content\/uploads\/2025\/12\/600263535_2260965224394885_1081040525448158444_n-1024x449.jpg 1024w, https:\/\/www.ismm.edu.cu\/wp-content\/uploads\/2025\/12\/600263535_2260965224394885_1081040525448158444_n-980x430.jpg 980w, https:\/\/www.ismm.edu.cu\/wp-content\/uploads\/2025\/12\/600263535_2260965224394885_1081040525448158444_n-480x210.jpg 480w\" sizes=\"(min-width: 0px) and (max-width: 480px) 480px, (min-width: 481px) and (max-width: 980px) 980px, (min-width: 981px) 1024px, 100vw\" \/><\/figure>\n\n\n\n<figure class=\"wp-block-image size-large\"><img loading=\"lazy\" decoding=\"async\" width=\"1024\" height=\"768\" data-id=\"8980\" src=\"https:\/\/www.ismm.edu.cu\/wp-content\/uploads\/2025\/12\/602311719_10238620519228362_1602493426175466993_n-1024x768.jpg\" alt=\"\" class=\"wp-image-8980\" srcset=\"https:\/\/www.ismm.edu.cu\/wp-content\/uploads\/2025\/12\/602311719_10238620519228362_1602493426175466993_n-1024x768.jpg 1024w, https:\/\/www.ismm.edu.cu\/wp-content\/uploads\/2025\/12\/602311719_10238620519228362_1602493426175466993_n-980x735.jpg 980w, https:\/\/www.ismm.edu.cu\/wp-content\/uploads\/2025\/12\/602311719_10238620519228362_1602493426175466993_n-480x360.jpg 480w\" sizes=\"(min-width: 0px) and (max-width: 480px) 480px, (min-width: 481px) and (max-width: 980px) 980px, (min-width: 981px) 1024px, 100vw\" \/><\/figure>\n<\/figure>\n","protected":false},"excerpt":{"rendered":"<p>El pasado [fecha], la Universidad de Moa Dr. Antonio N\u00fa\u00f1ez Jim\u00e9nez fue sede del 6to Encuentro Intergeneracional de Educadores, un evento significativo convocado por la C\u00e1tedra Honor\u00edfica Adela Hern\u00e1ndez. Este espacio, dedicado al di\u00e1logo y al intercambio de experiencias, se consolid\u00f3 como un escenario propicio para el reconocimiento a la vocaci\u00f3n pedag\u00f3gica, que ha sido [&hellip;]<\/p>\n","protected":false},"author":11,"featured_media":8981,"comment_status":"closed","ping_status":"closed","sticky":false,"template":"","format":"standard","meta":{"_et_pb_use_builder":"off","_et_pb_old_content":"","_et_gb_content_width":"","footnotes":""},"categories":[45,52,37,40],"tags":[51,35,39,48],"class_list":["post-8975","post","type-post","status-publish","format-standard","has-post-thumbnail","hentry","category-ciencia-e-innovacion","category-colaboracion","category-jornada-cientifica","category-sectores-estrategicos","tag-actodegraduacion-umoaexitos-compromisos-celebracion-logrosacademicos","tag-capacitacionrecursoshumanos","tag-ciencia-e-innovacion","tag-desarrolloprofesional"],"_links":{"self":[{"href":"https:\/\/www.ismm.edu.cu\/index.php\/wp-json\/wp\/v2\/posts\/8975"}],"collection":[{"href":"https:\/\/www.ismm.edu.cu\/index.php\/wp-json\/wp\/v2\/posts"}],"about":[{"href":"https:\/\/www.ismm.edu.cu\/index.php\/wp-json\/wp\/v2\/types\/post"}],"author":[{"embeddable":true,"href":"https:\/\/www.ismm.edu.cu\/index.php\/wp-json\/wp\/v2\/users\/11"}],"replies":[{"embeddable":true,"href":"https:\/\/www.ismm.edu.cu\/index.php\/wp-json\/wp\/v2\/comments?post=8975"}],"version-history":[{"count":1,"href":"https:\/\/www.ismm.edu.cu\/index.php\/wp-json\/wp\/v2\/posts\/8975\/revisions"}],"predecessor-version":[{"id":8982,"href":"https:\/\/www.ismm.edu.cu\/index.php\/wp-json\/wp\/v2\/posts\/8975\/revisions\/8982"}],"wp:featuredmedia":[{"embeddable":true,"href":"https:\/\/www.ismm.edu.cu\/index.php\/wp-json\/wp\/v2\/media\/8981"}],"wp:attachment":[{"href":"https:\/\/www.ismm.edu.cu\/index.php\/wp-json\/wp\/v2\/media?parent=8975"}],"wp:term":[{"taxonomy":"category","embeddable":true,"href":"https:\/\/www.ismm.edu.cu\/index.php\/wp-json\/wp\/v2\/categories?post=8975"},{"taxonomy":"post_tag","embeddable":true,"href":"https:\/\/www.ismm.edu.cu\/index.php\/wp-json\/wp\/v2\/tags?post=8975"}],"curies":[{"name":"wp","href":"https:\/\/api.w.org\/{rel}","templated":true}]}}