{"id":6951,"date":"2023-11-02T01:18:16","date_gmt":"2023-11-02T01:18:16","guid":{"rendered":"https:\/\/www.ismm.edu.cu\/?p=6951"},"modified":"2023-11-02T01:18:17","modified_gmt":"2023-11-02T01:18:17","slug":"palabras-del-rector-por-el-47-aniversario-de-la-universidad-de-moa","status":"publish","type":"post","link":"https:\/\/www.ismm.edu.cu\/index.php\/2023\/11\/02\/palabras-del-rector-por-el-47-aniversario-de-la-universidad-de-moa\/","title":{"rendered":"Palabras del Rector por el 47 aniversario de la Universidad de Moa"},"content":{"rendered":"\n<p><\/p>\n\n\n\n<p>Compa\u00f1eros de la presidencia.<\/p>\n\n\n\n<p>Distinguidos invitados.<\/p>\n\n\n\n<p>Estimados miembros de la comunidad universitaria<\/p>\n\n\n\n<p>Queridos estudiantes.<\/p>\n\n\n\n<p>Es un honor dirigirme a ustedes en este d\u00eda tan significativo, en el que conmemoramos el cuadrag\u00e9simo s\u00e9ptimo aniversario de la Universidad de Moa. Este momento nos brinda la oportunidad de reflexionar sobre nuestro pasado, evaluar nuestras fortalezas y proyectar nuestro futuro.<\/p>\n\n\n\n<p>Hemos sido testigos del valioso aporte de nuestra instituci\u00f3n en la formaci\u00f3n de m\u00e1s de 12,500 profesionales destacados, 187 Doctores y 925 en programas de maestr\u00eda que han desempe\u00f1ado un rol fundamental en el progreso econ\u00f3mico y social de la naci\u00f3n, gracias al compromiso con la excelencia acad\u00e9mica y la formaci\u00f3n integral de nuestros educandos.<\/p>\n\n\n\n<p>Durante muchos a\u00f1os, nos hemos enfocado en cultivar y nutrir el talento creativo e innovador de los estudiantes. Como dijo una vez nuestro l\u00edder hist\u00f3rico, Fidel Castro Ruz: <strong><em>\u00abLos j\u00f3venes universitarios son la vanguardia de la Revoluci\u00f3n\u00bb<\/em>.<\/strong> Ejemplo de ello, 8 graduados que hoy mostramos con orgullo. Estos j\u00f3venes han demostrado su dedicaci\u00f3n, arduo trabajo y compromiso en carrera y est\u00e1n listos para enfrentar con valent\u00eda los desaf\u00edos y adaptarse a los constantes cambios del entorno. Son una muestra viva del gran potencial transformador que poseen las nuevas generaciones. Con una s\u00f3lida base de conocimientos y habilidades adquiridas, est\u00e1n preparados para conquistar el mundo y superar cualquier obst\u00e1culo en el camino. <strong>Su futuro prometedor ser\u00e1 el resultado directo de su compromiso y perseverancia.<\/strong><\/p>\n\n\n\n<p>La juventud, energ\u00eda y perspectivas que estos j\u00f3venes traen consigo son invaluables para impulsar el progreso y la innovaci\u00f3n en nuestra Casa de Altos Estudios. Como docentes, como los primeros graduados y como j\u00f3venes talentosos y de alto rendimiento, les instamos a aprovechar al m\u00e1ximo las oportunidades que se les presentar\u00e1n: ingresar en programas de doctorado y continuar la b\u00fasqueda de conocimiento.<\/p>\n\n\n\n<p><strong>\u00a1Confiamos plenamente en su capacidad para dejar una huella positiva!<\/strong><\/p>\n\n\n\n<p>La universidad se enorgullece de contar con <strong>docentes apasionados<\/strong> y comprometidos con la b\u00fasqueda del conocimiento y la formaci\u00f3n integral de sus estudiantes como esencia y el pilar fundamental. Su inquebrantable dedicaci\u00f3n, acompa\u00f1ada de un entusiasmo contagioso en la transmisi\u00f3n de saberes, ha llevado a nuestra universidad a alcanzar niveles de reconocimiento y prestigio destacados. Gracias a su incansable compromiso con la academia y la investigaci\u00f3n, hemos logrado forjar una reputaci\u00f3n de excelencia y convertirnos en l\u00edderes de la generaci\u00f3n de conocimiento que impacta positivamente en los sectores estrat\u00e9gicos y en el programa de desarrollo econ\u00f3mico y sociocultural hasta el 2030. <strong>\u00a1Su labor transformadora es esencial para el crecimiento y el \u00e9xito continuo!<\/strong><\/p>\n\n\n\n<p>La <strong>integraci\u00f3n y fusi\u00f3n<\/strong> con la industria del n\u00edquel ha sido un pilar clave en nuestra historia. La estrecha colaboraci\u00f3n con este sector ha dado lugar a proyectos que promueven un desarrollo sostenible y eficiente en esta \u00e1rea tan significativa para nuestra regi\u00f3n. Hoy, llevamos a cabo acciones estrat\u00e9gicas para fortalecer los recursos humanos y fomentar una industria de alta tecnolog\u00eda e innovaci\u00f3n, con la formaci\u00f3n de m\u00e1s de 300 m\u00e1steres y 30 doctores, en los pr\u00f3ximos cinco a\u00f1os, adem\u00e1s de la inserci\u00f3n de estudiantes a tiempo completo en la industria. Nuestro enfoque se centra en impulsar la eficiencia, el crecimiento y la diversificaci\u00f3n de este sector y garantizar as\u00ed su relevancia y competitividad en un entorno global en constante evoluci\u00f3n.<\/p>\n\n\n\n<p>Nos hemos enfocado en establecer una <strong>alianza estrat\u00e9gica con el Gobierno de Moa<\/strong>, para llevar a cabo acciones que promuevan la superaci\u00f3n profesional, el cambio de matriz energ\u00e9tica, la producci\u00f3n de materiales de construcci\u00f3n y la soberan\u00eda alimentaria. La empresa de prefabricados de Moa ser\u00e1 la encargada de llevar a cabo la generalizaci\u00f3n de las investigaciones, incluyendo la producci\u00f3n de asfalto fr\u00edo, \u00e1ridos ligeros, cemento de bajo carbono y la instalaci\u00f3n de una planta de producci\u00f3n de agromena.<\/p>\n\n\n\n<p>En cuanto a nuestra <strong>responsabilidad en la soberan\u00eda alimentaria<\/strong>, asumiremos un proyecto en el organop\u00f3nico de Cupey que incluir\u00e1 la apertura de un campamento donde estudiantes, profesores y trabajadores se unir\u00e1n para producir 300 toneladas de hortalizas y vegetales, anualmente. Este proyecto de desarrollo local contribuir\u00e1 con el progreso y bienestar de Moa, que marcha seguro hacia la celebraci\u00f3n del 65 aniversario del triunfo de la Revoluci\u00f3n.<\/p>\n\n\n\n<p><strong>La cooperaci\u00f3n internacional<\/strong> nos ha permitido expandir nuestras redes globales y fomentar el intercambio de experiencias con profesores de M\u00e9xico, Rusia, Francia y Rep\u00fablica Dominicana. Adem\u00e1s, hemos accedido a recursos, conocimientos y tecnolog\u00edas avanzadas que han enriquecido la oferta educativa, con enfoques innovadores.<\/p>\n\n\n\n<p>Gracias a <strong>asociaciones y alianzas estrat\u00e9gicas<\/strong> con instituciones acad\u00e9micas y organizaciones internacionales, se han fortalecido nuestras capacidades institucionales. Un ejemplo de ello es el proyecto FORMER-Cuba, una iniciativa conjunta entre los gobiernos de Cuba y Canad\u00e1 que busca fortalecer el liderazgo y la participaci\u00f3n de la mujer en el sector de energ\u00eda renovable en Cuba. Este proyecto cuenta con el apoyo de Asuntos Globales de Canad\u00e1 (GAC) y de Sherritt International, Cowater y su contraparte en Cuba, la Uni\u00f3n El\u00e9ctrica (UNE\/Empresa El\u00e9ctrica de Holgu\u00edn).<\/p>\n\n\n\n<p>En el pr\u00f3ximo a\u00f1o, estos esfuerzos colaborativos tendr\u00e1n un impacto significativo en la calidad de la educaci\u00f3n que ofrecemos a los estudiantes. Para lograrlo, 10 profesores realizar\u00e1n estancias de investigaci\u00f3n en Rusia y se proyectan siete estancias en M\u00e9xico. Adem\u00e1s, estaremos inaugurando el centro de idioma ruso, lo que asegura <strong>una colaboraci\u00f3n estrat\u00e9gica con la Universidad Minera de San Petersburgo, que hoy celebra su 250 aniversario<\/strong>. Estas iniciativas nos permitir\u00e1n expandir redes globales y fomentar el intercambio de conocimientos y experiencias.<\/p>\n\n\n\n<p>Estaremos desarrollando la Conferencia Internacional de Aprovechamiento de Recursos Minerales (CINAREM) del 10 al 13 de abril de 2024. Este evento ser\u00e1 un espacio de integraci\u00f3n en el que se discutir\u00e1n temas relevantes para el sector y se presentar\u00e1n soluciones innovadoras.<\/p>\n\n\n\n<p>En el contexto actual, es importante reconocer los retos que enfrentamos y tener una actitud humilde y, a la vez, atrevida, modesta pero valiente, reflexiva y responsable. Como universidad, hemos demostrado la capacidad de adaptaci\u00f3n y resistencia ante las adversidades. Aunque siempre habr\u00e1 poderosas fuerzas que enfrentar, dentro y fuera del pa\u00eds. Es importante recordar a Mart\u00ed y seguir luchando para triunfar. Para lograr nuestros objetivos, contamos con el apoyo y gu\u00eda del partido, la asamblea municipal del poder popular, el consejo de la administraci\u00f3n, los nuevos actores econ\u00f3micos y el sector empresarial, en Moa. <strong>\u00a1Agradecemos su contribuci\u00f3n con nuestro crecimiento y continuidad!<\/strong><\/p>\n\n\n\n<p>Compa\u00f1eros y compa\u00f1eras:<\/p>\n\n\n\n<p>Nuestro reconocimiento y felicitaci\u00f3n, en nombre de la comunidad &nbsp;universitaria a:<\/p>\n\n\n\n<p>Nuestros fundadores, gracias a su visi\u00f3n, dedicaci\u00f3n y compromiso, hemos logrado grandes avances en 47 a\u00f1os y nos comprometemos a continuar trabajando para hacer realidad su sue\u00f1o de una universidad de excelencia.<\/p>\n\n\n\n<p>A nuestros profesores, trabajadores y personal administrativo, su entrega y dedicaci\u00f3n es fundamental para el \u00e9xito del programa de fortalecimiento y desarrollo institucional.<\/p>\n\n\n\n<p>A nuestros estudiantes, por su compromiso y entusiasmo en la b\u00fasqueda del conocimiento. <strong>\u00a1Ustedes son nuestra &nbsp;raz\u00f3n de ser y su dedicaci\u00f3n ser\u00e1 fuente de inspiraci\u00f3n para todos!<\/strong><\/p>\n\n\n\n<p>A los colaboradores de la comunidad y la industria por su compromiso, fundamental para el cumplimiento de nuestros objetivos. &nbsp;<\/p>\n\n\n\n<p>Celebremos juntos estos 47 a\u00f1os de logros y aprendizajes. Sigamos construyendo un futuro prometedor, rumbo al 50 aniversario <strong>con ciencia, creatividad e innovaci\u00f3n.<\/strong><\/p>\n\n\n\n<p><strong>&nbsp;\u00a1Sigamos adelante, unidos hacia nuevos horizontes!<\/strong><\/p>\n\n\n\n<figure class=\"wp-block-gallery has-nested-images columns-default is-cropped wp-block-gallery-1 is-layout-flex wp-block-gallery-is-layout-flex\">\n<figure class=\"wp-block-image size-large\"><img loading=\"lazy\" decoding=\"async\" width=\"1024\" height=\"768\" data-id=\"6953\" src=\"https:\/\/www.ismm.edu.cu\/wp-content\/uploads\/2023\/11\/IMG_20231101_104504-1024x768.jpg\" alt=\"\" class=\"wp-image-6953\" srcset=\"https:\/\/www.ismm.edu.cu\/wp-content\/uploads\/2023\/11\/IMG_20231101_104504-980x735.jpg 980w, https:\/\/www.ismm.edu.cu\/wp-content\/uploads\/2023\/11\/IMG_20231101_104504-480x360.jpg 480w\" sizes=\"(min-width: 0px) and (max-width: 480px) 480px, (min-width: 481px) and (max-width: 980px) 980px, (min-width: 981px) 1024px, 100vw\" \/><\/figure>\n\n\n\n<figure class=\"wp-block-image size-large\"><img loading=\"lazy\" decoding=\"async\" width=\"1024\" height=\"768\" data-id=\"6954\" src=\"https:\/\/www.ismm.edu.cu\/wp-content\/uploads\/2023\/11\/IMG_20231101_110420-1024x768.jpg\" alt=\"\" class=\"wp-image-6954\" srcset=\"https:\/\/www.ismm.edu.cu\/wp-content\/uploads\/2023\/11\/IMG_20231101_110420-980x735.jpg 980w, https:\/\/www.ismm.edu.cu\/wp-content\/uploads\/2023\/11\/IMG_20231101_110420-480x360.jpg 480w\" sizes=\"(min-width: 0px) and (max-width: 480px) 480px, (min-width: 481px) and (max-width: 980px) 980px, (min-width: 981px) 1024px, 100vw\" \/><\/figure>\n<\/figure>\n\n\n\n<figure class=\"wp-block-gallery has-nested-images columns-default is-cropped wp-block-gallery-2 is-layout-flex wp-block-gallery-is-layout-flex\">\n<figure class=\"wp-block-image size-large\"><img loading=\"lazy\" decoding=\"async\" width=\"1024\" height=\"768\" data-id=\"6956\" src=\"https:\/\/www.ismm.edu.cu\/wp-content\/uploads\/2023\/11\/IMG_20231101_102814-1024x768.jpg\" alt=\"\" class=\"wp-image-6956\" srcset=\"https:\/\/www.ismm.edu.cu\/wp-content\/uploads\/2023\/11\/IMG_20231101_102814-980x735.jpg 980w, https:\/\/www.ismm.edu.cu\/wp-content\/uploads\/2023\/11\/IMG_20231101_102814-480x360.jpg 480w\" sizes=\"(min-width: 0px) and (max-width: 480px) 480px, (min-width: 481px) and (max-width: 980px) 980px, (min-width: 981px) 1024px, 100vw\" \/><\/figure>\n\n\n\n<figure class=\"wp-block-image size-large\"><img loading=\"lazy\" decoding=\"async\" width=\"1024\" height=\"768\" data-id=\"6958\" src=\"https:\/\/www.ismm.edu.cu\/wp-content\/uploads\/2023\/11\/IMG_20231101_111822-1024x768.jpg\" alt=\"\" class=\"wp-image-6958\" srcset=\"https:\/\/www.ismm.edu.cu\/wp-content\/uploads\/2023\/11\/IMG_20231101_111822-980x735.jpg 980w, https:\/\/www.ismm.edu.cu\/wp-content\/uploads\/2023\/11\/IMG_20231101_111822-480x360.jpg 480w\" sizes=\"(min-width: 0px) and (max-width: 480px) 480px, (min-width: 481px) and (max-width: 980px) 980px, (min-width: 981px) 1024px, 100vw\" \/><\/figure>\n\n\n\n<figure class=\"wp-block-image size-large\"><img loading=\"lazy\" decoding=\"async\" width=\"1024\" height=\"768\" data-id=\"6957\" src=\"https:\/\/www.ismm.edu.cu\/wp-content\/uploads\/2023\/11\/IMG_20231101_112140-1024x768.jpg\" alt=\"\" class=\"wp-image-6957\" srcset=\"https:\/\/www.ismm.edu.cu\/wp-content\/uploads\/2023\/11\/IMG_20231101_112140-980x735.jpg 980w, https:\/\/www.ismm.edu.cu\/wp-content\/uploads\/2023\/11\/IMG_20231101_112140-480x360.jpg 480w\" sizes=\"(min-width: 0px) and (max-width: 480px) 480px, (min-width: 481px) and (max-width: 980px) 980px, (min-width: 981px) 1024px, 100vw\" \/><\/figure>\n\n\n\n<figure class=\"wp-block-image size-large\"><img loading=\"lazy\" decoding=\"async\" width=\"1024\" height=\"768\" data-id=\"6960\" src=\"https:\/\/www.ismm.edu.cu\/wp-content\/uploads\/2023\/11\/IMG_20231101_112345-1024x768.jpg\" alt=\"\" class=\"wp-image-6960\" srcset=\"https:\/\/www.ismm.edu.cu\/wp-content\/uploads\/2023\/11\/IMG_20231101_112345-980x735.jpg 980w, https:\/\/www.ismm.edu.cu\/wp-content\/uploads\/2023\/11\/IMG_20231101_112345-480x360.jpg 480w\" sizes=\"(min-width: 0px) and (max-width: 480px) 480px, (min-width: 481px) and (max-width: 980px) 980px, (min-width: 981px) 1024px, 100vw\" \/><\/figure>\n\n\n\n<figure class=\"wp-block-image size-large\"><img loading=\"lazy\" decoding=\"async\" width=\"1024\" height=\"768\" data-id=\"6955\" src=\"https:\/\/www.ismm.edu.cu\/wp-content\/uploads\/2023\/11\/IMG_20231101_114155-1024x768.jpg\" alt=\"\" class=\"wp-image-6955\" srcset=\"https:\/\/www.ismm.edu.cu\/wp-content\/uploads\/2023\/11\/IMG_20231101_114155-980x735.jpg 980w, https:\/\/www.ismm.edu.cu\/wp-content\/uploads\/2023\/11\/IMG_20231101_114155-480x360.jpg 480w\" sizes=\"(min-width: 0px) and (max-width: 480px) 480px, (min-width: 481px) and (max-width: 980px) 980px, (min-width: 981px) 1024px, 100vw\" \/><\/figure>\n\n\n\n<figure class=\"wp-block-image size-large\"><img loading=\"lazy\" decoding=\"async\" width=\"768\" height=\"1024\" data-id=\"6959\" src=\"https:\/\/www.ismm.edu.cu\/wp-content\/uploads\/2023\/11\/IMG_20231101_115203-768x1024.jpg\" alt=\"\" class=\"wp-image-6959\"\/><\/figure>\n<\/figure>\n","protected":false},"excerpt":{"rendered":"<p>Compa\u00f1eros de la presidencia. Distinguidos invitados. Estimados miembros de la comunidad universitaria Queridos estudiantes. Es un honor dirigirme a ustedes en este d\u00eda tan significativo, en el que conmemoramos el cuadrag\u00e9simo s\u00e9ptimo aniversario de la Universidad de Moa. Este momento nos brinda la oportunidad de reflexionar sobre nuestro pasado, evaluar nuestras fortalezas y proyectar nuestro [&hellip;]<\/p>\n","protected":false},"author":7,"featured_media":6952,"comment_status":"closed","ping_status":"closed","sticky":false,"template":"","format":"standard","meta":{"_et_pb_use_builder":"","_et_pb_old_content":"","_et_gb_content_width":"","footnotes":""},"categories":[1],"tags":[],"class_list":["post-6951","post","type-post","status-publish","format-standard","has-post-thumbnail","hentry","category-sin-categoria"],"_links":{"self":[{"href":"https:\/\/www.ismm.edu.cu\/index.php\/wp-json\/wp\/v2\/posts\/6951"}],"collection":[{"href":"https:\/\/www.ismm.edu.cu\/index.php\/wp-json\/wp\/v2\/posts"}],"about":[{"href":"https:\/\/www.ismm.edu.cu\/index.php\/wp-json\/wp\/v2\/types\/post"}],"author":[{"embeddable":true,"href":"https:\/\/www.ismm.edu.cu\/index.php\/wp-json\/wp\/v2\/users\/7"}],"replies":[{"embeddable":true,"href":"https:\/\/www.ismm.edu.cu\/index.php\/wp-json\/wp\/v2\/comments?post=6951"}],"version-history":[{"count":1,"href":"https:\/\/www.ismm.edu.cu\/index.php\/wp-json\/wp\/v2\/posts\/6951\/revisions"}],"predecessor-version":[{"id":6961,"href":"https:\/\/www.ismm.edu.cu\/index.php\/wp-json\/wp\/v2\/posts\/6951\/revisions\/6961"}],"wp:featuredmedia":[{"embeddable":true,"href":"https:\/\/www.ismm.edu.cu\/index.php\/wp-json\/wp\/v2\/media\/6952"}],"wp:attachment":[{"href":"https:\/\/www.ismm.edu.cu\/index.php\/wp-json\/wp\/v2\/media?parent=6951"}],"wp:term":[{"taxonomy":"category","embeddable":true,"href":"https:\/\/www.ismm.edu.cu\/index.php\/wp-json\/wp\/v2\/categories?post=6951"},{"taxonomy":"post_tag","embeddable":true,"href":"https:\/\/www.ismm.edu.cu\/index.php\/wp-json\/wp\/v2\/tags?post=6951"}],"curies":[{"name":"wp","href":"https:\/\/api.w.org\/{rel}","templated":true}]}}