{"id":6920,"date":"2023-11-01T03:09:04","date_gmt":"2023-11-01T03:09:04","guid":{"rendered":"https:\/\/www.ismm.edu.cu\/?p=6920"},"modified":"2023-11-11T03:26:11","modified_gmt":"2023-11-11T03:26:11","slug":"la-facultad-de-ciencias-sociales-y-economicas-de-la-universidad-de-moa-contribuye-a-elevar-la-categoria-docente-del-claustro","status":"publish","type":"post","link":"https:\/\/www.ismm.edu.cu\/index.php\/2023\/11\/01\/la-facultad-de-ciencias-sociales-y-economicas-de-la-universidad-de-moa-contribuye-a-elevar-la-categoria-docente-del-claustro\/","title":{"rendered":"La UMoa celebra su 47 aniversario con \u00e9xito en la formaci\u00f3n cient\u00edfica del claustro"},"content":{"rendered":"\n<p>La Facultad de Ciencias Sociales y Econ\u00f3micas de la Universidad de Moa contribuye a elevar la categor\u00eda docente del claustro por una educaci\u00f3n de calidad. Los profesores de esta facultad han sido reconocidos por su labor en la formaci\u00f3n de las nuevas generaciones, lo que ha permitido elevar la calidad de la educaci\u00f3n en la universidad. Este reconocimiento se debe a la dedicaci\u00f3n y compromiso de los docentes en la formaci\u00f3n de los estudiantes, as\u00ed como a su constante actualizaci\u00f3n y formaci\u00f3n cient\u00edfica. <\/p>\n","protected":false},"excerpt":{"rendered":"<p>La Facultad de Ciencias Sociales y Econ\u00f3micas de la Universidad de Moa contribuye a elevar la categor\u00eda docente del claustro por una educaci\u00f3n de calidad. Los profesores de esta facultad han sido reconocidos por su labor en la formaci\u00f3n de las nuevas generaciones, lo que ha permitido elevar la calidad de la educaci\u00f3n en la [&hellip;]<\/p>\n","protected":false},"author":11,"featured_media":6921,"comment_status":"closed","ping_status":"closed","sticky":false,"template":"","format":"standard","meta":{"_et_pb_use_builder":"","_et_pb_old_content":"","_et_gb_content_width":"","footnotes":""},"categories":[1],"tags":[],"class_list":["post-6920","post","type-post","status-publish","format-standard","has-post-thumbnail","hentry","category-sin-categoria"],"_links":{"self":[{"href":"https:\/\/www.ismm.edu.cu\/index.php\/wp-json\/wp\/v2\/posts\/6920"}],"collection":[{"href":"https:\/\/www.ismm.edu.cu\/index.php\/wp-json\/wp\/v2\/posts"}],"about":[{"href":"https:\/\/www.ismm.edu.cu\/index.php\/wp-json\/wp\/v2\/types\/post"}],"author":[{"embeddable":true,"href":"https:\/\/www.ismm.edu.cu\/index.php\/wp-json\/wp\/v2\/users\/11"}],"replies":[{"embeddable":true,"href":"https:\/\/www.ismm.edu.cu\/index.php\/wp-json\/wp\/v2\/comments?post=6920"}],"version-history":[{"count":3,"href":"https:\/\/www.ismm.edu.cu\/index.php\/wp-json\/wp\/v2\/posts\/6920\/revisions"}],"predecessor-version":[{"id":7056,"href":"https:\/\/www.ismm.edu.cu\/index.php\/wp-json\/wp\/v2\/posts\/6920\/revisions\/7056"}],"wp:featuredmedia":[{"embeddable":true,"href":"https:\/\/www.ismm.edu.cu\/index.php\/wp-json\/wp\/v2\/media\/6921"}],"wp:attachment":[{"href":"https:\/\/www.ismm.edu.cu\/index.php\/wp-json\/wp\/v2\/media?parent=6920"}],"wp:term":[{"taxonomy":"category","embeddable":true,"href":"https:\/\/www.ismm.edu.cu\/index.php\/wp-json\/wp\/v2\/categories?post=6920"},{"taxonomy":"post_tag","embeddable":true,"href":"https:\/\/www.ismm.edu.cu\/index.php\/wp-json\/wp\/v2\/tags?post=6920"}],"curies":[{"name":"wp","href":"https:\/\/api.w.org\/{rel}","templated":true}]}}