{"id":6888,"date":"2023-10-27T11:00:00","date_gmt":"2023-10-27T11:00:00","guid":{"rendered":"https:\/\/www.ismm.edu.cu\/?p=6888"},"modified":"2023-10-27T11:01:28","modified_gmt":"2023-10-27T11:01:28","slug":"jovenes-universitarios-exhiben-su-talento-en-el-festival-de-artistas-aficionados-en-la-umoa","status":"publish","type":"post","link":"https:\/\/www.ismm.edu.cu\/index.php\/2023\/10\/27\/jovenes-universitarios-exhiben-su-talento-en-el-festival-de-artistas-aficionados-en-la-umoa\/","title":{"rendered":"J\u00f3venes universitarios exhiben su talento en el Festival de Artistas Aficionados de la FEU en la UMoa"},"content":{"rendered":"\n<p>La Universidad Moa se prepara para celebrar con entusiasmo su 47 aniversario, y qu\u00e9 mejor manera de festejarlo que a trav\u00e9s de un colorido y talentoso Festival de Artistas Aficionados. En este evento, j\u00f3venes universitarios de diferentes disciplinas mostraron su destreza y creatividad en diversas manifestaciones art\u00edsticas. Desde danzas tradicionales y modernas, hasta interpretaciones musicales, teatro, poes\u00eda y exhibiciones visuales, cada presentaci\u00f3n  fue un reflejo de la dedicaci\u00f3n y la pasi\u00f3n que los j\u00f3venes universitarios han demostrado en su arte.<\/p>\n\n\n\n<p>El Festival de Artistas Aficionados no solo es espacio para el entretenimiento y la diversi\u00f3n, sino tambi\u00e9n una oportunidad para reconocer y valorar el talento que reside en la Universidad Moa. este evento se ha convertido en una tradici\u00f3n anual muy esperada. Fue una ocasi\u00f3n para conmemorar el crecimiento y los logros de la instituci\u00f3n, as\u00ed como para promover la participaci\u00f3n creativa y art\u00edstica entre los j\u00f3venes talentos universitarios.<\/p>\n\n\n\n<p>El rector de la Universidad Moa expres\u00f3 su orgullo y satisfacci\u00f3n por la dedicaci\u00f3n de los estudiantes en el \u00e1mbito art\u00edstico. Destac\u00f3 que este festival es una muestra del esp\u00edritu vibrante y multifac\u00e9tico que caracteriza a la comunidad universitaria de la UMoa, creando un ambiente propicio para el desarrollo integral de los j\u00f3venes.<\/p>\n\n\n\n<figure class=\"wp-block-gallery has-nested-images columns-default is-cropped wp-block-gallery-1 is-layout-flex wp-block-gallery-is-layout-flex\">\n<figure class=\"wp-block-image size-large\"><img loading=\"lazy\" decoding=\"async\" width=\"1024\" height=\"768\" data-id=\"6891\" src=\"https:\/\/www.ismm.edu.cu\/wp-content\/uploads\/2023\/10\/1-8-1024x768.jpg\" alt=\"\" class=\"wp-image-6891\" srcset=\"https:\/\/www.ismm.edu.cu\/wp-content\/uploads\/2023\/10\/1-8-1024x768.jpg 1024w, https:\/\/www.ismm.edu.cu\/wp-content\/uploads\/2023\/10\/1-8-980x735.jpg 980w, https:\/\/www.ismm.edu.cu\/wp-content\/uploads\/2023\/10\/1-8-480x360.jpg 480w\" sizes=\"(min-width: 0px) and (max-width: 480px) 480px, (min-width: 481px) and (max-width: 980px) 980px, (min-width: 981px) 1024px, 100vw\" \/><\/figure>\n\n\n\n<figure class=\"wp-block-image size-large\"><img loading=\"lazy\" decoding=\"async\" width=\"1024\" height=\"576\" data-id=\"6892\" src=\"https:\/\/www.ismm.edu.cu\/wp-content\/uploads\/2023\/10\/3-5-1024x576.jpg\" alt=\"\" class=\"wp-image-6892\" srcset=\"https:\/\/www.ismm.edu.cu\/wp-content\/uploads\/2023\/10\/3-5-1024x576.jpg 1024w, https:\/\/www.ismm.edu.cu\/wp-content\/uploads\/2023\/10\/3-5-980x551.jpg 980w, https:\/\/www.ismm.edu.cu\/wp-content\/uploads\/2023\/10\/3-5-480x270.jpg 480w\" sizes=\"(min-width: 0px) and (max-width: 480px) 480px, (min-width: 481px) and (max-width: 980px) 980px, (min-width: 981px) 1024px, 100vw\" \/><\/figure>\n\n\n\n<figure class=\"wp-block-image size-large\"><img loading=\"lazy\" decoding=\"async\" width=\"1024\" height=\"576\" data-id=\"6889\" src=\"https:\/\/www.ismm.edu.cu\/wp-content\/uploads\/2023\/10\/4-6-1024x576.jpg\" alt=\"\" class=\"wp-image-6889\" srcset=\"https:\/\/www.ismm.edu.cu\/wp-content\/uploads\/2023\/10\/4-6-1024x576.jpg 1024w, https:\/\/www.ismm.edu.cu\/wp-content\/uploads\/2023\/10\/4-6-980x551.jpg 980w, https:\/\/www.ismm.edu.cu\/wp-content\/uploads\/2023\/10\/4-6-480x270.jpg 480w\" sizes=\"(min-width: 0px) and (max-width: 480px) 480px, (min-width: 481px) and (max-width: 980px) 980px, (min-width: 981px) 1024px, 100vw\" \/><\/figure>\n<\/figure>\n","protected":false},"excerpt":{"rendered":"<p>La Universidad Moa se prepara para celebrar con entusiasmo su 47 aniversario, y qu\u00e9 mejor manera de festejarlo que a trav\u00e9s de un colorido y talentoso Festival de Artistas Aficionados. En este evento, j\u00f3venes universitarios de diferentes disciplinas mostraron su destreza y creatividad en diversas manifestaciones art\u00edsticas. Desde danzas tradicionales y modernas, hasta interpretaciones musicales, [&hellip;]<\/p>\n","protected":false},"author":11,"featured_media":6890,"comment_status":"closed","ping_status":"closed","sticky":false,"template":"","format":"standard","meta":{"_et_pb_use_builder":"","_et_pb_old_content":"","_et_gb_content_width":"","footnotes":""},"categories":[1],"tags":[],"class_list":["post-6888","post","type-post","status-publish","format-standard","has-post-thumbnail","hentry","category-sin-categoria"],"_links":{"self":[{"href":"https:\/\/www.ismm.edu.cu\/index.php\/wp-json\/wp\/v2\/posts\/6888"}],"collection":[{"href":"https:\/\/www.ismm.edu.cu\/index.php\/wp-json\/wp\/v2\/posts"}],"about":[{"href":"https:\/\/www.ismm.edu.cu\/index.php\/wp-json\/wp\/v2\/types\/post"}],"author":[{"embeddable":true,"href":"https:\/\/www.ismm.edu.cu\/index.php\/wp-json\/wp\/v2\/users\/11"}],"replies":[{"embeddable":true,"href":"https:\/\/www.ismm.edu.cu\/index.php\/wp-json\/wp\/v2\/comments?post=6888"}],"version-history":[{"count":3,"href":"https:\/\/www.ismm.edu.cu\/index.php\/wp-json\/wp\/v2\/posts\/6888\/revisions"}],"predecessor-version":[{"id":6895,"href":"https:\/\/www.ismm.edu.cu\/index.php\/wp-json\/wp\/v2\/posts\/6888\/revisions\/6895"}],"wp:featuredmedia":[{"embeddable":true,"href":"https:\/\/www.ismm.edu.cu\/index.php\/wp-json\/wp\/v2\/media\/6890"}],"wp:attachment":[{"href":"https:\/\/www.ismm.edu.cu\/index.php\/wp-json\/wp\/v2\/media?parent=6888"}],"wp:term":[{"taxonomy":"category","embeddable":true,"href":"https:\/\/www.ismm.edu.cu\/index.php\/wp-json\/wp\/v2\/categories?post=6888"},{"taxonomy":"post_tag","embeddable":true,"href":"https:\/\/www.ismm.edu.cu\/index.php\/wp-json\/wp\/v2\/tags?post=6888"}],"curies":[{"name":"wp","href":"https:\/\/api.w.org\/{rel}","templated":true}]}}