{"id":6804,"date":"2023-10-25T10:28:57","date_gmt":"2023-10-25T10:28:57","guid":{"rendered":"https:\/\/www.ismm.edu.cu\/?p=6804"},"modified":"2023-10-25T18:18:22","modified_gmt":"2023-10-25T18:18:22","slug":"celebracion-del-dia-del-geologo-minero-en-la-universidad-de-moa","status":"publish","type":"post","link":"https:\/\/www.ismm.edu.cu\/index.php\/2023\/10\/25\/celebracion-del-dia-del-geologo-minero-en-la-universidad-de-moa\/","title":{"rendered":"D\u00eda del trabajador Ge\u00f3logo-Minero"},"content":{"rendered":"\n<p><strong>Celebraci\u00f3n del D\u00eda del Ge\u00f3logo Minero en la Universidad de Moa: Un encuentro lleno de reconocimiento, aprendizaje y diversi\u00f3n<\/strong><\/p>\n\n\n\n<p>La Universidad de Moa celebr\u00f3 con gran entusiasmo el D\u00eda del trabajador Ge\u00f3logo-Minero, reuniendo a estudiantes, profesionales y expertos destacados en el campo de la geolog\u00eda y la miner\u00eda. El evento, organizado por la Facultad de Geolog\u00eda y Minas , fue una ocasi\u00f3n especial para reconocer la valiosa labor de los profesionales y promover el intercambio de conocimientos y experiencias.<\/p>\n\n\n\n<p>En acto de reconocimiento, donde se destac\u00f3 la contribuci\u00f3n significativa de los ge\u00f3logos mineros en el desarrollo sostenible de la regi\u00f3n. Durante la ceremonia, se brindaron palabras de felicitaci\u00f3n y agradecimiento a estos profesionales, resaltando su dedicaci\u00f3n y aportes al sector minero y geol\u00f3gico.<\/p>\n\n\n\n<p>Como parte de la jornada, se organiz\u00f3 un di\u00e1logo entre generaciones, donde estudiantes tuvieron la oportunidad de interactuar con profesionales experimentados y con el primer Rector de la Universidad de Moa Dr.C. Jos\u00e9 Ota\u00f1o Noguel. A trav\u00e9s de este espacio de intercambio, se compartieron experiencias, se respondieron preguntas y se establecieron mentor\u00edas para fomentar el crecimiento y desarrollo de las nuevas generaciones de ge\u00f3logos mineros.<\/p>\n\n\n\n<p>La celebraci\u00f3n del D\u00eda del Ge\u00f3logo Minero en la Universidad de Moa fue un encuentro enriquecedor que uni\u00f3 a estudiantes, profesionales y expertos en torno a la pasi\u00f3n por la geolog\u00eda y la miner\u00eda. El reconocimiento, la conferencia, el di\u00e1logo entre generaciones y los juegos deportivos fueron momentos destacados que resaltaron la importancia de esta profesi\u00f3n y la trascendencia de su labor en el desarrollo socioecon\u00f3mico de la regi\u00f3n.<\/p>\n\n\n\n<figure class=\"wp-block-gallery has-nested-images columns-default is-cropped wp-block-gallery-1 is-layout-flex wp-block-gallery-is-layout-flex\">\n<figure class=\"wp-block-image size-large\"><img loading=\"lazy\" decoding=\"async\" width=\"1024\" height=\"1024\" data-id=\"6808\" src=\"https:\/\/www.ismm.edu.cu\/wp-content\/uploads\/2023\/10\/FB_IMG_1698166810742-1024x1024.jpg\" alt=\"\" class=\"wp-image-6808\" srcset=\"https:\/\/www.ismm.edu.cu\/wp-content\/uploads\/2023\/10\/FB_IMG_1698166810742-1024x1024.jpg 1024w, https:\/\/www.ismm.edu.cu\/wp-content\/uploads\/2023\/10\/FB_IMG_1698166810742-980x980.jpg 980w, https:\/\/www.ismm.edu.cu\/wp-content\/uploads\/2023\/10\/FB_IMG_1698166810742-480x480.jpg 480w\" sizes=\"(min-width: 0px) and (max-width: 480px) 480px, (min-width: 481px) and (max-width: 980px) 980px, (min-width: 981px) 1024px, 100vw\" \/><\/figure>\n\n\n\n<figure class=\"wp-block-image size-large\"><img loading=\"lazy\" decoding=\"async\" width=\"1024\" height=\"1024\" data-id=\"6810\" src=\"https:\/\/www.ismm.edu.cu\/wp-content\/uploads\/2023\/10\/FB_IMG_1698166813462-1024x1024.jpg\" alt=\"\" class=\"wp-image-6810\" srcset=\"https:\/\/www.ismm.edu.cu\/wp-content\/uploads\/2023\/10\/FB_IMG_1698166813462-1024x1024.jpg 1024w, https:\/\/www.ismm.edu.cu\/wp-content\/uploads\/2023\/10\/FB_IMG_1698166813462-980x980.jpg 980w, https:\/\/www.ismm.edu.cu\/wp-content\/uploads\/2023\/10\/FB_IMG_1698166813462-480x480.jpg 480w\" sizes=\"(min-width: 0px) and (max-width: 480px) 480px, (min-width: 481px) and (max-width: 980px) 980px, (min-width: 981px) 1024px, 100vw\" \/><\/figure>\n\n\n\n<figure class=\"wp-block-image size-large\"><img loading=\"lazy\" decoding=\"async\" width=\"1024\" height=\"462\" data-id=\"6805\" src=\"https:\/\/www.ismm.edu.cu\/wp-content\/uploads\/2023\/10\/FB_IMG_1698183750098-1024x462.jpg\" alt=\"\" class=\"wp-image-6805\" srcset=\"https:\/\/www.ismm.edu.cu\/wp-content\/uploads\/2023\/10\/FB_IMG_1698183750098-1024x462.jpg 1024w, https:\/\/www.ismm.edu.cu\/wp-content\/uploads\/2023\/10\/FB_IMG_1698183750098-980x442.jpg 980w, https:\/\/www.ismm.edu.cu\/wp-content\/uploads\/2023\/10\/FB_IMG_1698183750098-480x216.jpg 480w\" sizes=\"(min-width: 0px) and (max-width: 480px) 480px, (min-width: 481px) and (max-width: 980px) 980px, (min-width: 981px) 1024px, 100vw\" \/><\/figure>\n\n\n\n<figure class=\"wp-block-image size-large\"><img loading=\"lazy\" decoding=\"async\" width=\"1024\" height=\"462\" data-id=\"6807\" src=\"https:\/\/www.ismm.edu.cu\/wp-content\/uploads\/2023\/10\/FB_IMG_1698183753107-1024x462.jpg\" alt=\"\" class=\"wp-image-6807\" srcset=\"https:\/\/www.ismm.edu.cu\/wp-content\/uploads\/2023\/10\/FB_IMG_1698183753107-1024x462.jpg 1024w, https:\/\/www.ismm.edu.cu\/wp-content\/uploads\/2023\/10\/FB_IMG_1698183753107-980x442.jpg 980w, https:\/\/www.ismm.edu.cu\/wp-content\/uploads\/2023\/10\/FB_IMG_1698183753107-480x216.jpg 480w\" sizes=\"(min-width: 0px) and (max-width: 480px) 480px, (min-width: 481px) and (max-width: 980px) 980px, (min-width: 981px) 1024px, 100vw\" \/><\/figure>\n\n\n\n<figure class=\"wp-block-image size-large\"><img loading=\"lazy\" decoding=\"async\" width=\"1024\" height=\"462\" data-id=\"6806\" src=\"https:\/\/www.ismm.edu.cu\/wp-content\/uploads\/2023\/10\/FB_IMG_1698183757157-1024x462.jpg\" alt=\"\" class=\"wp-image-6806\" srcset=\"https:\/\/www.ismm.edu.cu\/wp-content\/uploads\/2023\/10\/FB_IMG_1698183757157-1024x462.jpg 1024w, https:\/\/www.ismm.edu.cu\/wp-content\/uploads\/2023\/10\/FB_IMG_1698183757157-980x442.jpg 980w, https:\/\/www.ismm.edu.cu\/wp-content\/uploads\/2023\/10\/FB_IMG_1698183757157-480x216.jpg 480w\" sizes=\"(min-width: 0px) and (max-width: 480px) 480px, (min-width: 481px) and (max-width: 980px) 980px, (min-width: 981px) 1024px, 100vw\" \/><\/figure>\n\n\n\n<figure class=\"wp-block-image size-large\"><img loading=\"lazy\" decoding=\"async\" width=\"462\" height=\"1024\" data-id=\"6809\" src=\"https:\/\/www.ismm.edu.cu\/wp-content\/uploads\/2023\/10\/FB_IMG_1698183762479-462x1024.jpg\" alt=\"\" class=\"wp-image-6809\"\/><\/figure>\n<\/figure>\n\n\n\n<figure class=\"wp-block-gallery has-nested-images columns-default is-cropped wp-block-gallery-2 is-layout-flex wp-block-gallery-is-layout-flex\">\n<figure class=\"wp-block-image size-large\"><img loading=\"lazy\" decoding=\"async\" width=\"473\" height=\"1024\" data-id=\"6822\" src=\"https:\/\/www.ismm.edu.cu\/wp-content\/uploads\/2023\/10\/F9NoapvaIAAjePk-473x1024.jpg\" alt=\"\" class=\"wp-image-6822\"\/><\/figure>\n\n\n\n<figure class=\"wp-block-image size-large\"><img loading=\"lazy\" decoding=\"async\" width=\"473\" height=\"1024\" data-id=\"6820\" src=\"https:\/\/www.ismm.edu.cu\/wp-content\/uploads\/2023\/10\/F9NobjwbMAAWTaF-473x1024.jpg\" alt=\"\" class=\"wp-image-6820\"\/><\/figure>\n\n\n\n<figure class=\"wp-block-image size-large\"><img loading=\"lazy\" decoding=\"async\" width=\"473\" height=\"1024\" data-id=\"6821\" src=\"https:\/\/www.ismm.edu.cu\/wp-content\/uploads\/2023\/10\/F9NocV7bsAABLR3-473x1024.jpg\" alt=\"\" class=\"wp-image-6821\"\/><\/figure>\n<\/figure>\n","protected":false},"excerpt":{"rendered":"<p>Celebraci\u00f3n del D\u00eda del Ge\u00f3logo Minero en la Universidad de Moa: Un encuentro lleno de reconocimiento, aprendizaje y diversi\u00f3n La Universidad de Moa celebr\u00f3 con gran entusiasmo el D\u00eda del trabajador Ge\u00f3logo-Minero, reuniendo a estudiantes, profesionales y expertos destacados en el campo de la geolog\u00eda y la miner\u00eda. El evento, organizado por la Facultad de [&hellip;]<\/p>\n","protected":false},"author":11,"featured_media":6817,"comment_status":"closed","ping_status":"closed","sticky":false,"template":"","format":"standard","meta":{"_et_pb_use_builder":"","_et_pb_old_content":"","_et_gb_content_width":"","footnotes":""},"categories":[1],"tags":[],"class_list":["post-6804","post","type-post","status-publish","format-standard","has-post-thumbnail","hentry","category-sin-categoria"],"_links":{"self":[{"href":"https:\/\/www.ismm.edu.cu\/index.php\/wp-json\/wp\/v2\/posts\/6804"}],"collection":[{"href":"https:\/\/www.ismm.edu.cu\/index.php\/wp-json\/wp\/v2\/posts"}],"about":[{"href":"https:\/\/www.ismm.edu.cu\/index.php\/wp-json\/wp\/v2\/types\/post"}],"author":[{"embeddable":true,"href":"https:\/\/www.ismm.edu.cu\/index.php\/wp-json\/wp\/v2\/users\/11"}],"replies":[{"embeddable":true,"href":"https:\/\/www.ismm.edu.cu\/index.php\/wp-json\/wp\/v2\/comments?post=6804"}],"version-history":[{"count":5,"href":"https:\/\/www.ismm.edu.cu\/index.php\/wp-json\/wp\/v2\/posts\/6804\/revisions"}],"predecessor-version":[{"id":6844,"href":"https:\/\/www.ismm.edu.cu\/index.php\/wp-json\/wp\/v2\/posts\/6804\/revisions\/6844"}],"wp:featuredmedia":[{"embeddable":true,"href":"https:\/\/www.ismm.edu.cu\/index.php\/wp-json\/wp\/v2\/media\/6817"}],"wp:attachment":[{"href":"https:\/\/www.ismm.edu.cu\/index.php\/wp-json\/wp\/v2\/media?parent=6804"}],"wp:term":[{"taxonomy":"category","embeddable":true,"href":"https:\/\/www.ismm.edu.cu\/index.php\/wp-json\/wp\/v2\/categories?post=6804"},{"taxonomy":"post_tag","embeddable":true,"href":"https:\/\/www.ismm.edu.cu\/index.php\/wp-json\/wp\/v2\/tags?post=6804"}],"curies":[{"name":"wp","href":"https:\/\/api.w.org\/{rel}","templated":true}]}}