{"id":4140,"date":"2021-04-22T18:47:53","date_gmt":"2021-04-22T18:47:53","guid":{"rendered":"https:\/\/www.ismm.edu.cu\/?p=4140"},"modified":"2021-04-22T18:47:55","modified_gmt":"2021-04-22T18:47:55","slug":"consejo-de-direccion-de-la-umoa","status":"publish","type":"post","link":"https:\/\/www.ismm.edu.cu\/index.php\/2021\/04\/22\/consejo-de-direccion-de-la-umoa\/","title":{"rendered":"Consejo de Direcci\u00f3n de la UMoa"},"content":{"rendered":"\n<p>Con el debate oportuno sobre la vigencia del pensamiento, vida y obra de Fidel Castro Ruz en la UMoa, inicia hoy el m\u00e1ximo \u00f3rgano de autoridad colegiada de la Instituci\u00f3n, en el mismo sus miembros asisten al Rector en su labor de dirigir los asuntos y tareas propias de la instituci\u00f3n, a su cargo, durante el periodo que se analiza.<\/p>\n\n\n\n<figure class=\"wp-block-gallery columns-3 is-cropped wp-block-gallery-1 is-layout-flex wp-block-gallery-is-layout-flex\"><ul class=\"blocks-gallery-grid\"><li class=\"blocks-gallery-item\"><figure><img loading=\"lazy\" decoding=\"async\" width=\"1024\" height=\"719\" src=\"https:\/\/www.ismm.edu.cu\/wp-content\/uploads\/2021\/04\/IMG-20210422-WA00073-1024x719.jpeg\" alt=\"\" data-id=\"4141\" data-full-url=\"https:\/\/www.ismm.edu.cu\/wp-content\/uploads\/2021\/04\/IMG-20210422-WA00073.jpeg\" data-link=\"https:\/\/www.ismm.edu.cu\/?attachment_id=4141\" class=\"wp-image-4141\" srcset=\"https:\/\/www.ismm.edu.cu\/wp-content\/uploads\/2021\/04\/IMG-20210422-WA00073-1024x719.jpeg 1024w, https:\/\/www.ismm.edu.cu\/wp-content\/uploads\/2021\/04\/IMG-20210422-WA00073-980x688.jpeg 980w, https:\/\/www.ismm.edu.cu\/wp-content\/uploads\/2021\/04\/IMG-20210422-WA00073-480x337.jpeg 480w\" sizes=\"(min-width: 0px) and (max-width: 480px) 480px, (min-width: 481px) and (max-width: 980px) 980px, (min-width: 981px) 1024px, 100vw\" \/><\/figure><\/li><li class=\"blocks-gallery-item\"><figure><img loading=\"lazy\" decoding=\"async\" width=\"512\" height=\"288\" src=\"https:\/\/www.ismm.edu.cu\/wp-content\/uploads\/2021\/04\/IMG-20210422-WA0008.jpeg\" alt=\"\" data-id=\"4142\" data-full-url=\"https:\/\/www.ismm.edu.cu\/wp-content\/uploads\/2021\/04\/IMG-20210422-WA0008.jpeg\" data-link=\"https:\/\/www.ismm.edu.cu\/?attachment_id=4142\" class=\"wp-image-4142\" srcset=\"https:\/\/www.ismm.edu.cu\/wp-content\/uploads\/2021\/04\/IMG-20210422-WA0008.jpeg 512w, https:\/\/www.ismm.edu.cu\/wp-content\/uploads\/2021\/04\/IMG-20210422-WA0008-480x270.jpeg 480w\" sizes=\"(min-width: 0px) and (max-width: 480px) 480px, (min-width: 481px) 512px, 100vw\" \/><\/figure><\/li><li class=\"blocks-gallery-item\"><figure><img loading=\"lazy\" decoding=\"async\" width=\"1024\" height=\"576\" src=\"https:\/\/www.ismm.edu.cu\/wp-content\/uploads\/2021\/04\/IMG-20210422-WA0011-1024x576.jpeg\" alt=\"\" data-id=\"4143\" data-full-url=\"https:\/\/www.ismm.edu.cu\/wp-content\/uploads\/2021\/04\/IMG-20210422-WA0011-scaled.jpeg\" data-link=\"https:\/\/www.ismm.edu.cu\/?attachment_id=4143\" class=\"wp-image-4143\" srcset=\"https:\/\/www.ismm.edu.cu\/wp-content\/uploads\/2021\/04\/IMG-20210422-WA0011-980x551.jpeg 980w, https:\/\/www.ismm.edu.cu\/wp-content\/uploads\/2021\/04\/IMG-20210422-WA0011-480x270.jpeg 480w\" sizes=\"(min-width: 0px) and (max-width: 480px) 480px, (min-width: 481px) and (max-width: 980px) 980px, (min-width: 981px) 1024px, 100vw\" \/><\/figure><\/li><\/ul><\/figure>\n","protected":false},"excerpt":{"rendered":"<p>Con el debate oportuno sobre la vigencia del pensamiento, vida y obra de Fidel Castro Ruz en la UMoa, inicia hoy el m\u00e1ximo \u00f3rgano de autoridad colegiada de la Instituci\u00f3n, en el mismo sus miembros asisten al Rector en su labor de dirigir los asuntos y tareas propias de la instituci\u00f3n, a su cargo, durante [&hellip;]<\/p>\n","protected":false},"author":7,"featured_media":4145,"comment_status":"open","ping_status":"open","sticky":false,"template":"","format":"standard","meta":{"_et_pb_use_builder":"","_et_pb_old_content":"","_et_gb_content_width":"","footnotes":""},"categories":[1],"tags":[],"class_list":["post-4140","post","type-post","status-publish","format-standard","has-post-thumbnail","hentry","category-sin-categoria"],"_links":{"self":[{"href":"https:\/\/www.ismm.edu.cu\/index.php\/wp-json\/wp\/v2\/posts\/4140"}],"collection":[{"href":"https:\/\/www.ismm.edu.cu\/index.php\/wp-json\/wp\/v2\/posts"}],"about":[{"href":"https:\/\/www.ismm.edu.cu\/index.php\/wp-json\/wp\/v2\/types\/post"}],"author":[{"embeddable":true,"href":"https:\/\/www.ismm.edu.cu\/index.php\/wp-json\/wp\/v2\/users\/7"}],"replies":[{"embeddable":true,"href":"https:\/\/www.ismm.edu.cu\/index.php\/wp-json\/wp\/v2\/comments?post=4140"}],"version-history":[{"count":1,"href":"https:\/\/www.ismm.edu.cu\/index.php\/wp-json\/wp\/v2\/posts\/4140\/revisions"}],"predecessor-version":[{"id":4146,"href":"https:\/\/www.ismm.edu.cu\/index.php\/wp-json\/wp\/v2\/posts\/4140\/revisions\/4146"}],"wp:featuredmedia":[{"embeddable":true,"href":"https:\/\/www.ismm.edu.cu\/index.php\/wp-json\/wp\/v2\/media\/4145"}],"wp:attachment":[{"href":"https:\/\/www.ismm.edu.cu\/index.php\/wp-json\/wp\/v2\/media?parent=4140"}],"wp:term":[{"taxonomy":"category","embeddable":true,"href":"https:\/\/www.ismm.edu.cu\/index.php\/wp-json\/wp\/v2\/categories?post=4140"},{"taxonomy":"post_tag","embeddable":true,"href":"https:\/\/www.ismm.edu.cu\/index.php\/wp-json\/wp\/v2\/tags?post=4140"}],"curies":[{"name":"wp","href":"https:\/\/api.w.org\/{rel}","templated":true}]}}