{"id":294,"date":"2018-11-22T20:19:37","date_gmt":"2018-11-22T20:19:37","guid":{"rendered":"https:\/\/www.ismm.edu.cu\/?p=2696"},"modified":"2018-11-22T20:19:37","modified_gmt":"2018-11-22T20:19:37","slug":"bastion-universitario-2018-ismmmunidosporlaexcelencia","status":"publish","type":"post","link":"https:\/\/www.ismm.edu.cu\/index.php\/2018\/11\/22\/bastion-universitario-2018-ismmmunidosporlaexcelencia\/","title":{"rendered":"Basti\u00f3n Universitario 2018 #ISMMMUnidosPorLaExcelencia"},"content":{"rendered":"<p>[vc_row][vc_column][vc_column_text]<\/p>\n<p style=\"text-align: justify;\">En homenaje al l\u00edder hist\u00f3rico de la Revoluci\u00f3n Cubana, Fidel Castro Ruz, pr\u00f3ximos a cumplirse dos a\u00f1os de su partida, dedicado a los aniversarios 60 del triunfo de la Revoluci\u00f3n y 59 de las Milicias Universitarias y conmemorando el injusto fusilamiento de los ocho estudiantes de medicina, se efectu\u00f3 el Basti\u00f3n Estudiantil Universitario en el ISMMM. Reunidos en la plaza<em> \u201c<span id=\"OBJ_PREFIX_DWT126_com_zimbra_date\" class=\"Object\" role=\"link\">2 de Diciembre<\/span>\u201c<\/em> y con la direcci\u00f3n de la UJC, la FEU y otros miembros del consejo de direcci\u00f3n, los estudiantes y trabajadores participaron en una actividad inicial donde se inform\u00f3 el programa del d\u00eda.<\/p>\n<p>\u00a0[\/vc_column_text][\/vc_column][\/vc_row][vc_row][vc_column][vc_gallery interval=\u00bb3&#8243; images=\u00bb2698,2699,2700,2701,2702,2703,2704,2705,2706,2707,2708,2709,2710,2711,2712,2713,2714,2715,2716&#8243; img_size=\u00bbfull\u00bb onclick=\u00bb\u00bb][\/vc_column][\/vc_row]<\/p>\n","protected":false},"excerpt":{"rendered":"<p>[vc_row][vc_column][vc_column_text] En homenaje al l\u00edder hist\u00f3rico de la Revoluci\u00f3n Cubana, Fidel Castro Ruz, pr\u00f3ximos a cumplirse dos a\u00f1os de su partida, dedicado a los aniversarios 60 del triunfo de la Revoluci\u00f3n y 59 de las Milicias Universitarias y conmemorando el injusto fusilamiento de los ocho estudiantes de medicina, se efectu\u00f3 el Basti\u00f3n Estudiantil Universitario en [&hellip;]<\/p>\n","protected":false},"author":10,"featured_media":314,"comment_status":"closed","ping_status":"open","sticky":false,"template":"","format":"standard","meta":{"_et_pb_use_builder":"","_et_pb_old_content":"","_et_gb_content_width":"","footnotes":""},"categories":[2],"tags":[],"class_list":["post-294","post","type-post","status-publish","format-standard","has-post-thumbnail","hentry","category-portada"],"_links":{"self":[{"href":"https:\/\/www.ismm.edu.cu\/index.php\/wp-json\/wp\/v2\/posts\/294"}],"collection":[{"href":"https:\/\/www.ismm.edu.cu\/index.php\/wp-json\/wp\/v2\/posts"}],"about":[{"href":"https:\/\/www.ismm.edu.cu\/index.php\/wp-json\/wp\/v2\/types\/post"}],"author":[{"embeddable":true,"href":"https:\/\/www.ismm.edu.cu\/index.php\/wp-json\/wp\/v2\/users\/10"}],"replies":[{"embeddable":true,"href":"https:\/\/www.ismm.edu.cu\/index.php\/wp-json\/wp\/v2\/comments?post=294"}],"version-history":[{"count":0,"href":"https:\/\/www.ismm.edu.cu\/index.php\/wp-json\/wp\/v2\/posts\/294\/revisions"}],"wp:featuredmedia":[{"embeddable":true,"href":"https:\/\/www.ismm.edu.cu\/index.php\/wp-json\/wp\/v2\/media\/314"}],"wp:attachment":[{"href":"https:\/\/www.ismm.edu.cu\/index.php\/wp-json\/wp\/v2\/media?parent=294"}],"wp:term":[{"taxonomy":"category","embeddable":true,"href":"https:\/\/www.ismm.edu.cu\/index.php\/wp-json\/wp\/v2\/categories?post=294"},{"taxonomy":"post_tag","embeddable":true,"href":"https:\/\/www.ismm.edu.cu\/index.php\/wp-json\/wp\/v2\/tags?post=294"}],"curies":[{"name":"wp","href":"https:\/\/api.w.org\/{rel}","templated":true}]}}