{"id":246,"date":"2018-11-26T18:39:57","date_gmt":"2018-11-26T18:39:57","guid":{"rendered":"https:\/\/www.ismm.edu.cu\/?p=2764"},"modified":"2018-11-26T18:39:57","modified_gmt":"2018-11-26T18:39:57","slug":"el-ismmm-inmerso-en-el-pdi-de-moa-unidosporlaexcelencia","status":"publish","type":"post","link":"https:\/\/www.ismm.edu.cu\/index.php\/2018\/11\/26\/el-ismmm-inmerso-en-el-pdi-de-moa-unidosporlaexcelencia\/","title":{"rendered":"El ISMMM inmerso en el PDI de Moa #UnidosPorLaExcelencia"},"content":{"rendered":"<p>[vc_row][vc_column][vc_column_text]<\/p>\n<p style=\"text-align: justify;\">Avanza la proyecci\u00f3n del Plan de Desarrollo Integral de Moa con la oportuna participaci\u00f3n de directivos y l\u00edderes cient\u00edficos del Instituto Superior Minero Metal\u00fargico, preside la sesi\u00f3n de trabajo Roberto P\u00e9rez P\u00e9rez, Viceministro de Econom\u00eda y Planificaci\u00f3n.<\/p>\n<p>\u00a0[\/vc_column_text][\/vc_column][\/vc_row][vc_row][vc_column][vc_gallery interval=\u00bb3&#8243; images=\u00bb2767,2768&#8243; img_size=\u00bbfull\u00bb onclick=\u00bb\u00bb][\/vc_column][\/vc_row]<\/p>\n","protected":false},"excerpt":{"rendered":"<p>[vc_row][vc_column][vc_column_text] Avanza la proyecci\u00f3n del Plan de Desarrollo Integral de Moa con la oportuna participaci\u00f3n de directivos y l\u00edderes cient\u00edficos del Instituto Superior Minero Metal\u00fargico, preside la sesi\u00f3n de trabajo Roberto P\u00e9rez P\u00e9rez, Viceministro de Econom\u00eda y Planificaci\u00f3n. \u00a0[\/vc_column_text][\/vc_column][\/vc_row][vc_row][vc_column][vc_gallery interval=\u00bb3&#8243; images=\u00bb2767,2768&#8243; img_size=\u00bbfull\u00bb onclick=\u00bb\u00bb][\/vc_column][\/vc_row]<\/p>\n","protected":false},"author":10,"featured_media":249,"comment_status":"closed","ping_status":"open","sticky":false,"template":"","format":"standard","meta":{"_et_pb_use_builder":"","_et_pb_old_content":"","_et_gb_content_width":"","footnotes":""},"categories":[2],"tags":[],"class_list":["post-246","post","type-post","status-publish","format-standard","has-post-thumbnail","hentry","category-portada"],"_links":{"self":[{"href":"https:\/\/www.ismm.edu.cu\/index.php\/wp-json\/wp\/v2\/posts\/246"}],"collection":[{"href":"https:\/\/www.ismm.edu.cu\/index.php\/wp-json\/wp\/v2\/posts"}],"about":[{"href":"https:\/\/www.ismm.edu.cu\/index.php\/wp-json\/wp\/v2\/types\/post"}],"author":[{"embeddable":true,"href":"https:\/\/www.ismm.edu.cu\/index.php\/wp-json\/wp\/v2\/users\/10"}],"replies":[{"embeddable":true,"href":"https:\/\/www.ismm.edu.cu\/index.php\/wp-json\/wp\/v2\/comments?post=246"}],"version-history":[{"count":0,"href":"https:\/\/www.ismm.edu.cu\/index.php\/wp-json\/wp\/v2\/posts\/246\/revisions"}],"wp:featuredmedia":[{"embeddable":true,"href":"https:\/\/www.ismm.edu.cu\/index.php\/wp-json\/wp\/v2\/media\/249"}],"wp:attachment":[{"href":"https:\/\/www.ismm.edu.cu\/index.php\/wp-json\/wp\/v2\/media?parent=246"}],"wp:term":[{"taxonomy":"category","embeddable":true,"href":"https:\/\/www.ismm.edu.cu\/index.php\/wp-json\/wp\/v2\/categories?post=246"},{"taxonomy":"post_tag","embeddable":true,"href":"https:\/\/www.ismm.edu.cu\/index.php\/wp-json\/wp\/v2\/tags?post=246"}],"curies":[{"name":"wp","href":"https:\/\/api.w.org\/{rel}","templated":true}]}}