{"id":2442,"date":"2020-05-28T18:15:52","date_gmt":"2020-05-28T18:15:52","guid":{"rendered":"https:\/\/www.ismm.edu.cu\/?p=2442"},"modified":"2020-05-28T18:15:54","modified_gmt":"2020-05-28T18:15:54","slug":"conferencia-virtual-del-proyecto-crece","status":"publish","type":"post","link":"https:\/\/www.ismm.edu.cu\/index.php\/2020\/05\/28\/conferencia-virtual-del-proyecto-crece\/","title":{"rendered":"Conferencia Virtual del Proyecto Crece"},"content":{"rendered":"\n<p>El pasado 26 de mayo, en horas de la ma\u00f1ana, mediante una \nplataforma virtual, se realiz\u00f3 la reuni\u00f3n del proyecto CRECE, con la \npresencia de 17 participantes de cinco pa\u00edses (Finlandia, Alemania, \nEspa\u00f1a, Costa Rica y Cuba) que conforman el consorcio. Nuestra \nUniversidad estuvo representada por miembros del grupo de coordinaci\u00f3n \nde nuestra instituci\u00f3n.<\/p>\n\n\n\n<p>Durante el encuentro se puntualiz\u00f3 sobre la situaci\u00f3n actual de la  covid-19 &nbsp;en nuestro pa\u00eds y su influencia en la continuidad del  proyecto; actualizaci\u00f3n general, en cuanto a gastos, actividades  realizadas, las tem\u00e1ticas de los entrenamientos que a\u00fan faltan por  implementar y la alternativa de realizar los mismos de manera virtual; y  la estrategia para el plan anual teniendo en cuenta su extensi\u00f3n,  movilidad y comunicaci\u00f3n.<\/p>\n\n\n\n<p><\/p>\n","protected":false},"excerpt":{"rendered":"<p>El pasado 26 de mayo, en horas de la ma\u00f1ana, mediante una plataforma virtual, se realiz\u00f3 la reuni\u00f3n del proyecto CRECE, con la presencia de 17 participantes de cinco pa\u00edses (Finlandia, Alemania, Espa\u00f1a, Costa Rica y Cuba) que conforman el consorcio. Nuestra Universidad estuvo representada por miembros del grupo de coordinaci\u00f3n de nuestra instituci\u00f3n. Durante [&hellip;]<\/p>\n","protected":false},"author":7,"featured_media":2444,"comment_status":"open","ping_status":"open","sticky":false,"template":"","format":"standard","meta":{"_et_pb_use_builder":"off","_et_pb_old_content":"<!-- wp:paragraph -->\n<p>El pasado 26 de mayo, en horas de la ma\u00f1ana, mediante una \nplataforma virtual, se realiz\u00f3 la reuni\u00f3n del proyecto CRECE, con la \npresencia de 17 participantes de cinco pa\u00edses (Finlandia, Alemania, \nEspa\u00f1a, Costa Rica y Cuba) que conforman el consorcio. Nuestra \nUniversidad estuvo representada por miembros del grupo de coordinaci\u00f3n \nde nuestra instituci\u00f3n.<\/p>\n<!-- \/wp:paragraph -->\n\n<!-- wp:paragraph -->\n<p>Durante el encuentro se puntualiz\u00f3 sobre la situaci\u00f3n actual de la  covid-19 \u00a0en nuestro pa\u00eds y su influencia en la continuidad del  proyecto; actualizaci\u00f3n general, en cuanto a gastos, actividades  realizadas, las tem\u00e1ticas de los entrenamientos que a\u00fan faltan por  implementar y la alternativa de realizar los mismos de manera virtual; y  la estrategia para el plan anual teniendo en cuenta su extensi\u00f3n,  movilidad y comunicaci\u00f3n.<\/p>\n<!-- \/wp:paragraph -->\n\n<!-- wp:paragraph -->\n<p><\/p>\n<!-- \/wp:paragraph -->","_et_gb_content_width":"","footnotes":""},"categories":[1],"tags":[],"class_list":["post-2442","post","type-post","status-publish","format-standard","has-post-thumbnail","hentry","category-sin-categoria"],"_links":{"self":[{"href":"https:\/\/www.ismm.edu.cu\/index.php\/wp-json\/wp\/v2\/posts\/2442"}],"collection":[{"href":"https:\/\/www.ismm.edu.cu\/index.php\/wp-json\/wp\/v2\/posts"}],"about":[{"href":"https:\/\/www.ismm.edu.cu\/index.php\/wp-json\/wp\/v2\/types\/post"}],"author":[{"embeddable":true,"href":"https:\/\/www.ismm.edu.cu\/index.php\/wp-json\/wp\/v2\/users\/7"}],"replies":[{"embeddable":true,"href":"https:\/\/www.ismm.edu.cu\/index.php\/wp-json\/wp\/v2\/comments?post=2442"}],"version-history":[{"count":2,"href":"https:\/\/www.ismm.edu.cu\/index.php\/wp-json\/wp\/v2\/posts\/2442\/revisions"}],"predecessor-version":[{"id":2445,"href":"https:\/\/www.ismm.edu.cu\/index.php\/wp-json\/wp\/v2\/posts\/2442\/revisions\/2445"}],"wp:featuredmedia":[{"embeddable":true,"href":"https:\/\/www.ismm.edu.cu\/index.php\/wp-json\/wp\/v2\/media\/2444"}],"wp:attachment":[{"href":"https:\/\/www.ismm.edu.cu\/index.php\/wp-json\/wp\/v2\/media?parent=2442"}],"wp:term":[{"taxonomy":"category","embeddable":true,"href":"https:\/\/www.ismm.edu.cu\/index.php\/wp-json\/wp\/v2\/categories?post=2442"},{"taxonomy":"post_tag","embeddable":true,"href":"https:\/\/www.ismm.edu.cu\/index.php\/wp-json\/wp\/v2\/tags?post=2442"}],"curies":[{"name":"wp","href":"https:\/\/api.w.org\/{rel}","templated":true}]}}