{"id":1595,"date":"2018-01-19T17:27:51","date_gmt":"2018-01-19T17:27:51","guid":{"rendered":"https:\/\/www.ismm.edu.cu\/?p=1016"},"modified":"2018-01-19T17:27:51","modified_gmt":"2018-01-19T17:27:51","slug":"reconocen-investigadores-del-instituto-aportes-la-ciencia-cubana","status":"publish","type":"post","link":"https:\/\/www.ismm.edu.cu\/index.php\/2018\/01\/19\/reconocen-investigadores-del-instituto-aportes-la-ciencia-cubana\/","title":{"rendered":"Reconocen a investigadores del Instituto por sus aportes a la Ciencia Cubana"},"content":{"rendered":"<p>[vc_row][vc_column][vc_column_text]<\/p>\n<p style=\"text-align: justify;\">Para homenajear a los hombres y mujeres que a diario honran a la ciencia, se realiz\u00f3 este 19 de enero el acto para celebrar la fecha, con la presencia del Dr.C. \u00c1ngel Oscar Columbi\u00e9 Navarro, rector, y otros miembros del Consejo de Direcci\u00f3n.<\/p>\n<p style=\"text-align: justify;\">El Dr.C. Yosbanis Cervantes Guerra, Vicerrector de Investigaci\u00f3n y Posgrado, present\u00f3 un resumen de las fortalezas y debilidades del centro, as\u00ed como los proyectos de investigaci\u00f3n de mayor relevancia y una valoraci\u00f3n de las perspectivas para el presente a\u00f1o 2018.<\/p>\n<p style=\"text-align: justify;\">Los investigadores agasajados fueron varios por su labor durante el pasado a\u00f1o 2017, quienes recibieron los siguientes reconocimientos:<\/p>\n<ul style=\"text-align: justify;\">\n<li>Diploma 40 Aniversario por la Comisi\u00f3n Nacional de Grados Cient\u00edficos en consideraci\u00f3n al destacado desempe\u00f1o en funci\u00f3n del Sistema Nacional de Grados Cient\u00edficos.<\/li>\n<li>Resultados cient\u00edficos de mayor Impacto.<\/li>\n<li>Publicaciones de art\u00edculos en revistas de alto impacto situadas en el Grupo 1.<\/li>\n<li>Mayor aporte en el ingreso por la comercializaci\u00f3n de productos de la ciencia, la tecnolog\u00eda y la innovaci\u00f3n.<\/li>\n<li>Premios al M\u00e9rito Cient\u00edfico T\u00e9cnico.<\/li>\n<li>Propuestas para el Premio del MES.<\/li>\n<li>Propuestas para la distinci\u00f3n especial del Ministro.<\/li>\n<\/ul>\n<p style=\"text-align: justify;\">El proyecto educativo medioambiental Ecoarte, del municipio de Moa, con m\u00e1s de 20 a\u00f1os de creado entreg\u00f3 el Premio Anual de Educaci\u00f3n Ambiental \u201cDr. Rosa Elena Sime\u00f3n Negr\u00edn\u201d al profesor Dr. C. Rafael Guardado Lacaba, por su excelente contribuci\u00f3n a la educaci\u00f3n ambiental en Moa, la provincia de Holgu\u00edn, Cuba y el mundo.<\/p>\n<p style=\"text-align: justify;\">El Instituto Superior Minero Metal\u00fargico de Moa, inmerso en la noble tarea de investigar suma a\u00f1o tras a\u00f1o nuevos lauros a la actividad cient\u00edfica, pues sin investigaci\u00f3n no tendr\u00edamos raz\u00f3n para existir.<\/p>\n<p>\u00a0[\/vc_column_text][\/vc_column][\/vc_row][vc_row][vc_column][vc_gallery interval=\u00bb3&#8243; images=\u00bb1018,1019,1020,1021,1022,1023,1024,1025,1026,1027,1028,1029,1030,1031,1032&#8243; img_size=\u00bbfull\u00bb onclick=\u00bb\u00bb][\/vc_column][\/vc_row]<\/p>\n","protected":false},"excerpt":{"rendered":"<p>[vc_row][vc_column][vc_column_text] Para homenajear a los hombres y mujeres que a diario honran a la ciencia, se realiz\u00f3 este 19 de enero el acto para celebrar la fecha, con la presencia del Dr.C. \u00c1ngel Oscar Columbi\u00e9 Navarro, rector, y otros miembros del Consejo de Direcci\u00f3n. El Dr.C. Yosbanis Cervantes Guerra, Vicerrector de Investigaci\u00f3n y Posgrado, present\u00f3 [&hellip;]<\/p>\n","protected":false},"author":10,"featured_media":1596,"comment_status":"closed","ping_status":"open","sticky":false,"template":"","format":"standard","meta":{"_et_pb_use_builder":"","_et_pb_old_content":"","_et_gb_content_width":"","footnotes":""},"categories":[2],"tags":[],"class_list":["post-1595","post","type-post","status-publish","format-standard","has-post-thumbnail","hentry","category-portada"],"_links":{"self":[{"href":"https:\/\/www.ismm.edu.cu\/index.php\/wp-json\/wp\/v2\/posts\/1595"}],"collection":[{"href":"https:\/\/www.ismm.edu.cu\/index.php\/wp-json\/wp\/v2\/posts"}],"about":[{"href":"https:\/\/www.ismm.edu.cu\/index.php\/wp-json\/wp\/v2\/types\/post"}],"author":[{"embeddable":true,"href":"https:\/\/www.ismm.edu.cu\/index.php\/wp-json\/wp\/v2\/users\/10"}],"replies":[{"embeddable":true,"href":"https:\/\/www.ismm.edu.cu\/index.php\/wp-json\/wp\/v2\/comments?post=1595"}],"version-history":[{"count":0,"href":"https:\/\/www.ismm.edu.cu\/index.php\/wp-json\/wp\/v2\/posts\/1595\/revisions"}],"wp:featuredmedia":[{"embeddable":true,"href":"https:\/\/www.ismm.edu.cu\/index.php\/wp-json\/wp\/v2\/media\/1596"}],"wp:attachment":[{"href":"https:\/\/www.ismm.edu.cu\/index.php\/wp-json\/wp\/v2\/media?parent=1595"}],"wp:term":[{"taxonomy":"category","embeddable":true,"href":"https:\/\/www.ismm.edu.cu\/index.php\/wp-json\/wp\/v2\/categories?post=1595"},{"taxonomy":"post_tag","embeddable":true,"href":"https:\/\/www.ismm.edu.cu\/index.php\/wp-json\/wp\/v2\/tags?post=1595"}],"curies":[{"name":"wp","href":"https:\/\/api.w.org\/{rel}","templated":true}]}}